{"id":616,"date":"2020-09-29T18:44:10","date_gmt":"2020-09-29T16:44:10","guid":{"rendered":"https:\/\/blog.sillabi.com\/?p=616"},"modified":"2025-06-19T17:21:02","modified_gmt":"2025-06-19T15:21:02","slug":"i-verbi-modali-2","status":"publish","type":"post","link":"https:\/\/www.sillabi.com\/it\/i-verbi-modali-2\/","title":{"rendered":"I verbi modali"},"content":{"rendered":"\n<div class=\"wp-block-media-text alignwide is-stacked-on-mobile\"><figure class=\"wp-block-media-text__media\"><img loading=\"lazy\" decoding=\"async\" width=\"640\" height=\"360\" src=\"https:\/\/blog.sillabi.com\/wp-content\/uploads\/2020\/09\/14_DE_A1_VERBI_MODALI.jpg\" alt=\"\" class=\"wp-image-617 size-full\" srcset=\"https:\/\/www.sillabi.com\/wp-content\/uploads\/2020\/09\/14_DE_A1_VERBI_MODALI.jpg 640w, https:\/\/www.sillabi.com\/wp-content\/uploads\/2020\/09\/14_DE_A1_VERBI_MODALI-300x169.jpg 300w\" sizes=\"auto, (max-width: 640px) 100vw, 640px\" \/><\/figure><div class=\"wp-block-media-text__content\">\n<p class=\"has-normal-font-size\">Ti proponiamo qui di seguito un estratto dalla scheda grammaticale Sillabi dedicata al verbi modali.<strong> <\/strong>Clicca <a href=\"https:\/\/www.sillabi.com\/app\/it\/resources\/de\/a1\" data-type=\"link\" data-id=\"https:\/\/www.sillabi.com\/app\/it\/resources\/de\/a1\">qui<\/a> per visualizzarla per intero su Sillabi.<\/p>\n<\/div><\/div>\n\n\n\n<hr class=\"wp-block-separator has-css-opacity\"\/>\n\n\n\n<p><span style=\"color:#135b79\" class=\"has-inline-color\">Im Gegensatz zu den normalen Verben haben die <strong>Modalverben<\/strong> keine Endung in der 1. und 3. Person Singular.&nbsp;<\/span><\/p>\n\n\n\n<p><span style=\"color:#135b79\" class=\"has-inline-color\">Die Modalverben \u00e4ndern den Vokal des Verbstamms im Singular.<\/span><\/p>\n\n\n\n<p><span style=\"color:#135b79\" class=\"has-inline-color\">z.B. k<strong>\u00f6<\/strong>nnen:<\/span><\/p>\n\n\n\n<figure class=\"wp-block-table\"><table class=\"has-background\" style=\"background-color:#e7f5fe\"><tbody><tr><td><span style=\"color:#135b79\" class=\"has-inline-color\">ich<\/span><\/td><td><span style=\"color:#135b79\" class=\"has-inline-color\">kann<\/span><\/td><\/tr><tr><td><span style=\"color:#135b79\" class=\"has-inline-color\">du<\/span><\/td><td><span style=\"color:#135b79\" class=\"has-inline-color\">kannst<\/span><\/td><\/tr><tr><td><span style=\"color:#135b79\" class=\"has-inline-color\">er, si, es<\/span><\/td><td><span style=\"color:#135b79\" class=\"has-inline-color\">kann<\/span><\/td><\/tr><tr><td><span style=\"color:#135b79\" class=\"has-inline-color\">wir<\/span><\/td><td><span style=\"color:#135b79\" class=\"has-inline-color\">k\u00f6nnen<\/span><\/td><\/tr><tr><td><span style=\"color:#135b79\" class=\"has-inline-color\">ihr<\/span><\/td><td><span style=\"color:#135b79\" class=\"has-inline-color\">k\u00f6nnt<\/span><\/td><\/tr><tr><td><span style=\"color:#135b79\" class=\"has-inline-color\">sie, Sie<\/span><\/td><td><span style=\"color:#135b79\" class=\"has-inline-color\">k\u00f6nnen<\/span><\/td><\/tr><\/tbody><\/table><\/figure>\n\n\n\n<hr class=\"wp-block-separator has-css-opacity\"\/>\n\n\n\n<p>Ma come si coniugano questi altri verbi modali: &#8220;d\u00fcrfen&#8221;, &#8220;m\u00fcssen&#8221;, &#8220;sollen&#8221;, &#8220;wollen&#8221; e &#8220;m\u00f6gen&#8221;?<\/p>\n\n\n\n<p>Su Sillabi troverai delle tabelle verbali che ti aiuteranno nella memorizzazione, clicca <a href=\"https:\/\/www.sillabi.com\/app\/it\/resources\/de\/a1\" data-type=\"link\" data-id=\"https:\/\/www.sillabi.com\/app\/it\/resources\/de\/a1\">qui<\/a> per visualizzare la scheda completa.<br>Per ampliare le tue conoscenze oltre la grammatica, iscriviti ai corsi <a href=\"https:\/\/www.sillabi.com\/app\/it\/course\/de\/a1\" data-type=\"link\" data-id=\"https:\/\/www.sillabi.com\/app\/it\/course\/de\/a1\">Hallo! \u2013 livello A1<\/a> o <a href=\"https:\/\/www.sillabi.com\/app\/it\/course\/de\/a2\" data-type=\"link\" data-id=\"https:\/\/www.sillabi.com\/app\/it\/course\/de\/a2\">Hallo! \u2013 livello A2<\/a>, oppure prova il <a href=\"https:\/\/www.sillabi.com\/app\/it\/assessment\/de\" data-type=\"link\" data-id=\"https:\/\/www.sillabi.com\/app\/it\/assessment\/de\">test gratuito<\/a>.<\/p>\n","protected":false},"excerpt":{"rendered":"<p>Ti proponiamo qui di seguito un estratto dalla scheda grammaticale Sillabi dedicata al verbi modali. Clicca qui [&hellip;]<\/p>\n","protected":false},"author":3,"featured_media":0,"comment_status":"open","ping_status":"open","sticky":false,"template":"","format":"standard","meta":{"footnotes":""},"categories":[180,10],"tags":[254,266],"class_list":["post-616","post","type-post","status-publish","format-standard","hentry","category-a1-de","category-de","tag-grammatica","tag-verbi-modali"],"_links":{"self":[{"href":"https:\/\/www.sillabi.com\/it\/wp-json\/wp\/v2\/posts\/616","targetHints":{"allow":["GET"]}}],"collection":[{"href":"https:\/\/www.sillabi.com\/it\/wp-json\/wp\/v2\/posts"}],"about":[{"href":"https:\/\/www.sillabi.com\/it\/wp-json\/wp\/v2\/types\/post"}],"author":[{"embeddable":true,"href":"https:\/\/www.sillabi.com\/it\/wp-json\/wp\/v2\/users\/3"}],"replies":[{"embeddable":true,"href":"https:\/\/www.sillabi.com\/it\/wp-json\/wp\/v2\/comments?post=616"}],"version-history":[{"count":8,"href":"https:\/\/www.sillabi.com\/it\/wp-json\/wp\/v2\/posts\/616\/revisions"}],"predecessor-version":[{"id":1219,"href":"https:\/\/www.sillabi.com\/it\/wp-json\/wp\/v2\/posts\/616\/revisions\/1219"}],"wp:attachment":[{"href":"https:\/\/www.sillabi.com\/it\/wp-json\/wp\/v2\/media?parent=616"}],"wp:term":[{"taxonomy":"category","embeddable":true,"href":"https:\/\/www.sillabi.com\/it\/wp-json\/wp\/v2\/categories?post=616"},{"taxonomy":"post_tag","embeddable":true,"href":"https:\/\/www.sillabi.com\/it\/wp-json\/wp\/v2\/tags?post=616"}],"curies":[{"name":"wp","href":"https:\/\/api.w.org\/{rel}","templated":true}]}}