{"id":2940,"date":"2026-09-01T11:39:13","date_gmt":"2026-09-01T09:39:13","guid":{"rendered":"https:\/\/www.sillabi.com\/?p=2940"},"modified":"2026-09-01T11:39:14","modified_gmt":"2026-09-01T09:39:14","slug":"declinaison-des-adjectifs-en-allemand-le-guide-complet-avec-tableaux-et-exemples","status":"publish","type":"post","link":"https:\/\/www.sillabi.com\/fr\/declinaison-des-adjectifs-en-allemand-le-guide-complet-avec-tableaux-et-exemples\/","title":{"rendered":"D\u00e9clinaison des adjectifs en allemand : le guide complet avec tableaux et exemples"},"content":{"rendered":"\n<p>Si vous apprenez l&#8217;allemand, vous avez sans doute d\u00e9j\u00e0 crois\u00e9 le redoutable terme <em><strong>Adjektivdeklination<\/strong><\/em>, autrement dit la d\u00e9clinaison des adjectifs. Rien que le nom suffit \u00e0 d\u00e9courager beaucoup d&#8217;apprenants, et ce n&#8217;est pas un hasard : c&#8217;est l&#8217;un des points de grammaire qui suscite le plus de doutes, au point d&#8217;\u00eatre consid\u00e9r\u00e9 comme l&#8217;un des principaux obstacles pour qui apprend l&#8217;allemand.<\/p>\n\n\n\n<p>La bonne nouvelle ? C&#8217;est bien plus simple qu&#8217;il n&#8217;y para\u00eet. Une fois que vous aurez compris la logique derri\u00e8re les terminaisons des adjectifs, vous n&#8217;aurez plus besoin d&#8217;apprendre des dizaines de tableaux par c\u0153ur : il vous suffira d&#8217;appliquer quelques r\u00e8gles pr\u00e9cises, toujours identiques. <\/p>\n\n\n\n<p>Dans cet article, nous vous accompagnons pas \u00e0 pas \u00e0 travers <strong>les trois cas principaux de la d\u00e9clinaison des adjectifs<\/strong>, avec des exemples concrets pour bien ancrer les notions.<\/p>\n\n\n\n<figure class=\"wp-block-image size-large\"><img loading=\"lazy\" decoding=\"async\" width=\"1024\" height=\"538\" src=\"https:\/\/www.sillabi.com\/wp-content\/uploads\/2026\/09\/Aggettivi-DE-1-1024x538.png\" alt=\"\" class=\"wp-image-2941\" srcset=\"https:\/\/www.sillabi.com\/wp-content\/uploads\/2026\/09\/Aggettivi-DE-1-1024x538.png 1024w, https:\/\/www.sillabi.com\/wp-content\/uploads\/2026\/09\/Aggettivi-DE-1-300x158.png 300w, https:\/\/www.sillabi.com\/wp-content\/uploads\/2026\/09\/Aggettivi-DE-1-768x403.png 768w, https:\/\/www.sillabi.com\/wp-content\/uploads\/2026\/09\/Aggettivi-DE-1.png 1200w\" sizes=\"auto, (max-width: 1024px) 100vw, 1024px\" \/><\/figure>\n\n\n\n<h2 class=\"wp-block-heading\">1. Pourquoi les adjectifs allemands se d\u00e9clinent-ils ?<\/h2>\n\n\n\n<p>En fran\u00e7ais, l&#8217;adjectif s&#8217;accorde en genre et en nombre (<em>le petit homme<\/em>, <em>la petite femme<\/em>), mais jamais selon sa fonction dans la phrase. En allemand, en revanche, l&#8217;adjectif plac\u00e9 devant un nom change de terminaison selon trois facteurs :<\/p>\n\n\n\n<ul class=\"wp-block-list\">\n<li>le <strong>genre<\/strong> du nom (maskulin, feminin, neutral) ;<\/li>\n\n\n\n<li>le <strong>cas<\/strong> (Nominativ, Akkusativ, Dativ, Genitiv) \u2014 une notion que le fran\u00e7ais ne conna\u00eet pas, puisqu&#8217;il n&#8217;a pas de d\u00e9clinaison ;<\/li>\n\n\n\n<li>le type d&#8217;<strong>article<\/strong> qui l&#8217;accompagne (d\u00e9fini, ind\u00e9fini, ou aucun article).<\/li>\n<\/ul>\n\n\n\n<p>Attention toutefois \u00e0 un point essentiel : <strong>seuls les adjectifs plac\u00e9s avant un nom se d\u00e9clinent<\/strong>. Si l&#8217;adjectif se trouve apr\u00e8s le verbe (g\u00e9n\u00e9ralement avec <em>sein<\/em>), il reste invariable.<\/p>\n\n\n\n<p><mark style=\"background-color:rgba(0, 0, 0, 0);color:#135b79\" class=\"has-inline-color\">&#8211; <em>Das <strong>gro\u00dfe <\/strong>Haus geh\u00f6rt mir.<\/em> (l&#8217;adjectif pr\u00e9c\u00e8de le nom \u2192 il se d\u00e9cline)<br>&#8211; <em>Das Haus ist <strong>gro\u00df<\/strong>.<\/em> (l&#8217;adjectif suit le verbe \u2192 il reste invariable)<\/mark><\/p>\n\n\n\n<p>Retenez aussi qu&#8217;en allemand, l&#8217;adjectif se place toujours avant le nom qu&#8217;il qualifie, jamais apr\u00e8s \u2014 contrairement au fran\u00e7ais, o\u00f9 certains adjectifs peuvent suivre le nom.<\/p>\n\n\n\n<h2 class=\"wp-block-heading\">2. La r\u00e8gle d&#8217;or : seulement deux terminaisons possibles<\/h2>\n\n\n\n<p>Voici de quoi vous rassurer d&#8217;embl\u00e9e : la terminaison de l&#8217;adjectif d\u00e9clin\u00e9 ne peut \u00eatre que <strong>-e ou -en<\/strong>. C&#8217;est tout. Il n&#8217;existe aucune autre possibilit\u00e9. La seule difficult\u00e9 consiste \u00e0 savoir laquelle utiliser, et pour cela, il faut distinguer trois situations diff\u00e9rentes.<\/p>\n\n\n\n<h2 class=\"wp-block-heading\">3. La d\u00e9clinaison de l&#8217;adjectif avec l&#8217;article d\u00e9fini<\/h2>\n\n\n\n<p>Lorsque l&#8217;adjectif est pr\u00e9c\u00e9d\u00e9 de l&#8217;article d\u00e9fini (<em>der, die, das<\/em>&#8230;), la d\u00e9clinaison est la plus simple des trois.<\/p>\n\n\n\n<figure class=\"wp-block-table\"><table class=\"has-fixed-layout\"><thead><tr><th><\/th><th>maskulin<\/th><th>feminin<\/th><th>neutral<\/th><th>Plural<\/th><\/tr><\/thead><tbody><tr><td>Nominativ<\/td><td>der klein<strong>e<\/strong> Mann<\/td><td>die klein<strong>e<\/strong> Frau<\/td><td>das klein<strong>e<\/strong> Kind<\/td><td>die klein<strong>en<\/strong> Leute<\/td><\/tr><tr><td>Akkusativ<\/td><td>den klein<strong>en<\/strong> Mann<\/td><td>die klein<strong>e<\/strong> Frau<\/td><td>das klein<strong>e<\/strong> Kind<\/td><td>die klein<strong>en<\/strong> Leute<\/td><\/tr><tr><td>Dativ<\/td><td>dem klein<strong>en<\/strong> Mann<\/td><td>der klein<strong>en<\/strong> Frau<\/td><td>dem klein<strong>en<\/strong> Kind<\/td><td>den klein<strong>en<\/strong> Leuten<\/td><\/tr><tr><td>Genitiv<\/td><td>des klein<strong>en<\/strong> Mannes<\/td><td>der klein<strong>en<\/strong> Frau<\/td><td>des klein<strong>en<\/strong> Kindes<\/td><td>der klein<strong>en<\/strong> Leute<\/td><\/tr><\/tbody><\/table><\/figure>\n\n\n\n<p>En observant le tableau, vous remarquerez que l&#8217;adjectif se termine en <strong>-e<\/strong> dans seulement trois cas : au Nominativ masculin, ainsi qu&#8217;au Nominativ et \u00e0 l&#8217;Akkusativ f\u00e9minin et neutre. Dans toutes les autres combinaisons, la terminaison est <strong>-en<\/strong>. Si vous retenez ces trois exceptions, vous avez d\u00e9j\u00e0 r\u00e9solu la moiti\u00e9 du probl\u00e8me !<\/p>\n\n\n\n<p>Exemples concrets :<\/p>\n\n\n\n<p><em><mark style=\"background-color:rgba(0, 0, 0, 0);color:#135b79\" class=\"has-inline-color\">&#8211; Der <strong>kleine <\/strong>Mann hat ein Haus. (le petit homme a une maison) <br>&#8211; Ich sehe den <strong>kleinen <\/strong>Mann. (je vois le petit homme) <br>&#8211; Das Haus geh\u00f6rt dem <strong>kleinen <\/strong>Mann. (la maison appartient au petit homme)<br>&#8211; Das ist das Haus des <strong>kleinen <\/strong>Mannes. (voici la maison du petit homme) <\/mark><\/em><\/p>\n\n\n\n<h2 class=\"wp-block-heading\">4. La d\u00e9clinaison de l&#8217;adjectif avec l&#8217;article ind\u00e9fini<\/h2>\n\n\n\n<p>Avec l&#8217;article ind\u00e9fini (<em>ein, eine<\/em>&#8230;), les choses se compliquent l\u00e9g\u00e8rement, car l&#8217;article lui-m\u00eame, dans certains cas, ne porte pas de terminaison propre (pensez \u00e0 <em>ein<\/em> au Nominativ masculin et \u00e0 <em>ein<\/em> au Nominativ\/Akkusativ neutre). Face \u00e0 ces &#8220;trous&#8221; grammaticaux, c&#8217;est l&#8217;adjectif qui doit prendre en charge l&#8217;information manquante.<\/p>\n\n\n\n<figure class=\"wp-block-table\"><table class=\"has-fixed-layout\"><thead><tr><th><\/th><th>maskulin<\/th><th>feminin<\/th><th>neutral<\/th><th>Plural<\/th><\/tr><\/thead><tbody><tr><td>Nominativ<\/td><td>ein klein<strong>er<\/strong> Mann<\/td><td>eine klein<strong>e<\/strong> Frau<\/td><td>ein klein<strong>es<\/strong> Kind<\/td><td>klein<strong>e<\/strong> Leute<\/td><\/tr><tr><td>Akkusativ<\/td><td>einen klein<strong>en<\/strong> Mann<\/td><td>eine klein<strong>e<\/strong> Frau<\/td><td>ein klein<strong>es<\/strong> Kind<\/td><td>klein<strong>e<\/strong> Leute<\/td><\/tr><tr><td>Dativ<\/td><td>einem klein<strong>en<\/strong> Mann<\/td><td>einer klein<strong>en<\/strong> Frau<\/td><td>einem klein<strong>en<\/strong> Kind<\/td><td>klein<strong>en<\/strong> Leuten<\/td><\/tr><tr><td>Genitiv<\/td><td>eines klein<strong>en<\/strong> Mannes<\/td><td>einer klein<strong>en<\/strong> Frau<\/td><td>eines klein<strong>en<\/strong> Kindes<\/td><td>klein<strong>er<\/strong> Leute<\/td><\/tr><\/tbody><\/table><\/figure>\n\n\n\n<p>Ici, la logique change l\u00e9g\u00e8rement par rapport au tableau pr\u00e9c\u00e9dent : lorsque l&#8217;article <em>ein\/eine<\/em> ne pr\u00e9cise pas clairement le genre (Nominativ masculin et Nominativ\/Akkusativ neutre), l&#8217;adjectif prend une terminaison propre (<strong>-er<\/strong> ou <strong>-es<\/strong>) pr\u00e9cis\u00e9ment pour &#8220;compenser&#8221; et indiquer de quel genre il s&#8217;agit.<\/p>\n\n\n\n<p>Exemples concrets  :<\/p>\n\n\n\n<p><em><mark style=\"background-color:rgba(0, 0, 0, 0);color:#135b79\" class=\"has-inline-color\">&#8211; Ein <strong>kleiner <\/strong>Mann hat ein Haus. (un petit homme a une maison)<br>&#8211; Ich sehe einen <strong>kleinen <\/strong>Mann. (je vois un petit homme) <br>&#8211; Das Haus geh\u00f6rt einem <strong>kleinen <\/strong>Mann. (la maison appartient \u00e0 un petit homme) <br>&#8211; Das ist das Haus eines <strong>kleinen <\/strong>Mannes. (voici la maison d&#8217;un petit homme)<\/mark><\/em><\/p>\n\n\n\n<h2 class=\"wp-block-heading\">5. La d\u00e9clinaison de l&#8217;adjectif sans article<\/h2>\n\n\n\n<p>Voici le cas qui suscite le plus de doutes : que se passe-t-il lorsqu&#8217;aucun article ne pr\u00e9c\u00e8de l&#8217;adjectif ? La r\u00e9ponse suit en r\u00e9alit\u00e9 une logique tr\u00e8s \u00e9l\u00e9gante : <strong>l&#8217;adjectif prend exactement la terminaison qu&#8217;aurait eue l&#8217;article d\u00e9fini<\/strong>, s&#8217;il avait \u00e9t\u00e9 pr\u00e9sent.<\/p>\n\n\n\n<figure class=\"wp-block-table\"><table class=\"has-fixed-layout\"><thead><tr><th><\/th><th>maskulin<\/th><th>feminin<\/th><th>neutral<\/th><th>Plural<\/th><\/tr><\/thead><tbody><tr><td>Nominativ<\/td><td>klein<strong>er<\/strong> Mann<\/td><td>klein<strong>e<\/strong> Frau<\/td><td>klein<strong>es<\/strong> Kind<\/td><td>klein<strong>e<\/strong> Leute<\/td><\/tr><tr><td>Akkusativ<\/td><td>klein<strong>en<\/strong> Mann<\/td><td>klein<strong>e<\/strong> Frau<\/td><td>klein<strong>es<\/strong> Kind<\/td><td>klein<strong>e<\/strong> Leute<\/td><\/tr><tr><td>Dativ<\/td><td>klein<strong>em<\/strong> Mann<\/td><td>klein<strong>er<\/strong> Frau<\/td><td>klein<strong>em<\/strong> Kind<\/td><td>klein<strong>en<\/strong> Leuten<\/td><\/tr><tr><td>Genitiv<\/td><td>klein<strong>en<\/strong> Mannes<\/td><td>klein<strong>er<\/strong> Frau<\/td><td>klein<strong>en<\/strong> Kindes<\/td><td>klein<strong>er<\/strong> Leute<\/td><\/tr><\/tbody><\/table><\/figure>\n\n\n\n<p>La seule v\u00e9ritable exception concerne le <strong>Genitiv masculin et neutre<\/strong> : ici, l&#8217;adjectif prend la terminaison <strong>-en<\/strong> au lieu de celle qu&#8217;on attendrait de l&#8217;article d\u00e9fini. Cela s&#8217;explique par le fait que le nom lui-m\u00eame re\u00e7oit d\u00e9j\u00e0 une terminaison (<em>-es<\/em> ou <em>-s<\/em>, comme dans <em>Mannes<\/em> ou <em>Kindes<\/em>), donc l&#8217;adjectif n&#8217;a pas besoin de la r\u00e9p\u00e9ter.<\/p>\n\n\n\n<p>Exemples concrets  :<\/p>\n\n\n\n<p><em><mark style=\"background-color:rgba(0, 0, 0, 0);color:#135b79\" class=\"has-inline-color\">&#8211; <strong>Kleine <\/strong>Kinder haben ein Spielzeug. (de petits enfants ont un jouet) <br>&#8211; Ich sehe <strong>kleine <\/strong>Kinder. (je vois de petits enfants) <br>&#8211; Das Spielzeug geh\u00f6rt <strong>kleinen <\/strong>Kindern. (le jouet appartient \u00e0 de petits enfants) <br>&#8211; Das ist das Spielzeug <strong>kleiner <\/strong>Kinder. (voici le jouet de petits enfants)<\/mark><\/em><\/p>\n\n\n\n<p>Pour observer l&#8217;exception du Genitiv masculin en action (celle en <strong>-en<\/strong> au lieu de <strong>-es<\/strong>), revenons un instant \u00e0 <em>Mann<\/em> :<\/p>\n\n\n\n<p><mark style=\"background-color:rgba(0, 0, 0, 0);color:#135b79\" class=\"has-inline-color\">&#8211; <em>Das ist das Haus <strong>kleinen <\/strong>Mannes.<\/em> (voici la maison du petit homme) <\/mark><\/p>\n\n\n\n<p><strong>La r\u00e8gle d&#8217;or \u00e0 retenir absolument :<\/strong> la terminaison de l&#8217;article d\u00e9fini doit toujours &#8220;appara\u00eetre&#8221; quelque part dans la phrase \u2014 soit sur l&#8217;article lui-m\u00eame, soit sur l&#8217;adjectif, lorsque l&#8217;article est absent ou ne pr\u00e9cise pas suffisamment le genre.<\/p>\n\n\n\n<h2 class=\"wp-block-heading\">6. Deux pr\u00e9cisions utiles<\/h2>\n\n\n\n<p>Avant de conclure, deux d\u00e9tails qui vous \u00e9viteront des erreurs courantes :<\/p>\n\n\n\n<p><strong>1. <em>Viel<\/em> et <em>wenig<\/em> ne se d\u00e9clinent souvent pas.<\/strong> Lorsque ces deux adjectifs accompagnent un nom non comptable (un concept abstrait ou une mati\u00e8re), ils restent invariables :<\/p>\n\n\n\n<p><em><mark style=\"background-color:rgba(0, 0, 0, 0);color:#135b79\" class=\"has-inline-color\">&#8211; Er hat <strong>viel <\/strong>Gl\u00fcck. (il a beaucoup de chance)<br>&#8211; Sie hat <strong>wenig <\/strong>Geld. (elle a peu d&#8217;argent)<\/mark><\/em><\/p>\n\n\n\n<p><strong>2. Seuls les adjectifs plac\u00e9s avant le nom se d\u00e9clinent.<\/strong> Comme nous l&#8217;avons vu au d\u00e9but, si l&#8217;adjectif se trouve apr\u00e8s le verbe \u00eatre, il reste toujours invariable : on dit <em>Das Haus ist gro\u00df<\/em>, et non <em>Das Haus ist gro\u00dfes<\/em>.<\/p>\n\n\n\n<h2 class=\"wp-block-heading\">7. Pourquoi cela vaut-il la peine d&#8217;approfondir ce sujet ?<\/h2>\n\n\n\n<p>Vous vous demandez peut-\u00eatre si cela vaut vraiment la peine d&#8217;apprendre toutes ces terminaisons par c\u0153ur. La r\u00e9ponse est oui, et pour une raison tr\u00e8s concr\u00e8te : la d\u00e9clinaison des adjectifs n&#8217;est pas un simple d\u00e9tail stylistique, c&#8217;est un \u00e9l\u00e9ment qui change le sens de la phrase en allemand. Savoir distinguer <em>der kleine Mann<\/em> de <em>den kleinen Mann<\/em> vous permet de comprendre imm\u00e9diatement qui fait l&#8217;action et qui la subit, m\u00eame lorsque l&#8217;ordre des mots ne vous le sugg\u00e8re pas (en allemand, en effet, l&#8217;ordre des mots est bien plus flexible qu&#8217;en fran\u00e7ais).<\/p>\n\n\n\n<p>De plus, une fois que vous aurez int\u00e9gr\u00e9 la logique des trois tableaux, vous n&#8217;aurez plus besoin de &#8220;deviner&#8221; les terminaisons : il vous suffira de vous demander quel type d&#8217;article (ou son absence) pr\u00e9c\u00e8de l&#8217;adjectif, et la bonne r\u00e8gle s&#8217;appliquera naturellement.<\/p>\n\n\n\n<h2 class=\"wp-block-heading\">8. Envie d&#8217;aller plus loin ?<\/h2>\n\n\n\n<p>Pour revoir toutes les r\u00e8gles de fa\u00e7on claire et avoir toujours sous la main les trois tableaux avec les terminaisons correctes, nous vous conseillons de consulter la fiche de grammaire consacr\u00e9e \u00e0 <a href=\"https:\/\/www.sillabi.com\/app\/fr\/resources\/de\/a2\">Die Adjektivdeklination<\/a> dans les ressources grammaticales Sillabi : con\u00e7ue comme un outil de r\u00e9f\u00e9rence rapide, elle vous sera utile pendant vos exercices ou d\u00e8s vos premi\u00e8res phrases en allemand.<\/p>\n\n\n\n<h2 class=\"wp-block-heading\">9. Envie d&#8217;apprendre l&#8217;allemand avec une m\u00e9thode qui fonctionne vraiment ?<\/h2>\n\n\n\n<p>La th\u00e9orie est indispensable, mais c&#8217;est la pratique constante qui transforme les r\u00e8gles de grammaire en automatismes. Si vous souhaitez consolider la Adjektivdeklination et toutes les autres structures fondamentales de l&#8217;allemand, en les mettant tout de suite en pratique dans des contextes r\u00e9els, d\u00e9couvrez le cours <a href=\"https:\/\/www.sillabi.com\/app\/fr\/course\/de\">Hallo!<\/a> : un parcours progressif, clair et motivant, con\u00e7u pour vous amener des bases \u00e0 une communication s\u00fbre et naturelle en allemand, \u00e9tape par \u00e9tape. <\/p>\n\n\n\n<p>Et si vous ne savez pas par o\u00f9 commencer, faites le <a href=\"https:\/\/www.sillabi.com\/app\/fr\/assessment\/de\">test de niveau<\/a> : en quelques minutes, il vous indiquera le meilleur point de d\u00e9part de votre parcours.<\/p>\n","protected":false},"excerpt":{"rendered":"<p>Si vous apprenez l&#8217;allemand, vous avez sans doute d\u00e9j\u00e0 crois\u00e9 le redoutable terme Adjektivdeklination, autrement dit la [&hellip;]<\/p>\n","protected":false},"author":4,"featured_media":0,"comment_status":"closed","ping_status":"closed","sticky":false,"template":"","format":"standard","meta":{"footnotes":""},"categories":[220,174],"tags":[842,257],"class_list":["post-2940","post","type-post","status-publish","format-standard","hentry","category-a2-allemand","category-de-allemand","tag-adjektivdeklination","tag-grammaire"],"_links":{"self":[{"href":"https:\/\/www.sillabi.com\/fr\/wp-json\/wp\/v2\/posts\/2940","targetHints":{"allow":["GET"]}}],"collection":[{"href":"https:\/\/www.sillabi.com\/fr\/wp-json\/wp\/v2\/posts"}],"about":[{"href":"https:\/\/www.sillabi.com\/fr\/wp-json\/wp\/v2\/types\/post"}],"author":[{"embeddable":true,"href":"https:\/\/www.sillabi.com\/fr\/wp-json\/wp\/v2\/users\/4"}],"replies":[{"embeddable":true,"href":"https:\/\/www.sillabi.com\/fr\/wp-json\/wp\/v2\/comments?post=2940"}],"version-history":[{"count":3,"href":"https:\/\/www.sillabi.com\/fr\/wp-json\/wp\/v2\/posts\/2940\/revisions"}],"predecessor-version":[{"id":2948,"href":"https:\/\/www.sillabi.com\/fr\/wp-json\/wp\/v2\/posts\/2940\/revisions\/2948"}],"wp:attachment":[{"href":"https:\/\/www.sillabi.com\/fr\/wp-json\/wp\/v2\/media?parent=2940"}],"wp:term":[{"taxonomy":"category","embeddable":true,"href":"https:\/\/www.sillabi.com\/fr\/wp-json\/wp\/v2\/categories?post=2940"},{"taxonomy":"post_tag","embeddable":true,"href":"https:\/\/www.sillabi.com\/fr\/wp-json\/wp\/v2\/tags?post=2940"}],"curies":[{"name":"wp","href":"https:\/\/api.w.org\/{rel}","templated":true}]}}