{"id":2111,"date":"2026-02-18T12:01:04","date_gmt":"2026-02-18T11:01:04","guid":{"rendered":"https:\/\/www.sillabi.com\/?p=2111"},"modified":"2026-02-18T12:01:06","modified_gmt":"2026-02-18T11:01:06","slug":"por-ou-para-comment-choisir-la-bonne-preposition-en-espagnol","status":"publish","type":"post","link":"https:\/\/www.sillabi.com\/fr\/por-ou-para-comment-choisir-la-bonne-preposition-en-espagnol\/","title":{"rendered":"Por ou Para ? Comment choisir la bonne pr\u00e9position en espagnol"},"content":{"rendered":"\n<p>Lorsque l\u2019on commence \u00e0 apprendre l\u2019espagnol, l\u2019utilisation de <strong><em>por <\/em><\/strong>et <strong><em>para <\/em><\/strong>est souvent source de confusion.<\/p>\n\n\n\n<p>Ces deux pr\u00e9positions semblent similaires, mais elles ont des fonctions diff\u00e9rentes et apparaissent dans presque toutes les conversations quotidiennes : elles servent \u00e0 parler de cause, de but, de temps, de destination, de mouvement, ou encore d\u2019opinion.<\/p>\n\n\n\n<p>Le principal probl\u00e8me ? Certaines expressions avec <strong><em>por <\/em><\/strong>et <strong><em>para <\/em><\/strong>ne suivent aucune logique apparente et doivent simplement \u00eatre retenues telles quelles. Heureusement, en dehors de ces exceptions, la langue propose des rep\u00e8res solides qui aident \u00e0 choisir la bonne forme plus facilement.<\/p>\n\n\n\n<p>Dans cet article, vous trouverez des explications simples, des exemples concrets et une synth\u00e8se pratique pour vous orienter sans difficult\u00e9.<\/p>\n\n\n\n<figure class=\"wp-block-image size-full\"><img loading=\"lazy\" decoding=\"async\" width=\"1200\" height=\"630\" src=\"https:\/\/www.sillabi.com\/wp-content\/uploads\/2025\/12\/Spagnolo-2.png\" alt=\"\" class=\"wp-image-1689\"\/><\/figure>\n\n\n\n<h2 class=\"wp-block-heading\">1. <em>POR <\/em>: les usages essentiels<\/h2>\n\n\n\n<p>On utilise <strong><em>por <\/em><\/strong>pour exprimer l\u2019id\u00e9e de cause, de passage par un lieu, de moyen ou encore de moment approximatif.<\/p>\n\n\n\n<p><strong>a) Cause<\/strong><\/p>\n\n\n\n<p>On utilise <strong><em>por <\/em><\/strong>pour indiquer la cause d\u2019une action, c\u2019est-\u00e0-dire la raison pour laquelle quelque chose se produit.<\/p>\n\n\n\n<p><em><mark style=\"background-color:rgba(0, 0, 0, 0);color:#135b79\" class=\"has-inline-color\">&#8211; Lo han detenido <strong>por <\/strong>robar en una casa.<\/mark><br><mark style=\"background-color:rgba(0, 0, 0, 0);color:#135b79\" class=\"has-inline-color\">&#8211; Lo hago <strong>por <\/strong>ti.<\/mark><\/em><\/p>\n\n\n\n<p><strong>b) Temps approximatif \/ partie de la journ\u00e9e<\/strong><\/p>\n\n\n\n<p><strong><em>Por <\/em><\/strong>sert \u00e9galement \u00e0 indiquer un moment approximatif ou une partie de la journ\u00e9e.<\/p>\n\n\n\n<p><em><mark style=\"background-color:rgba(0, 0, 0, 0);color:#135b79\" class=\"has-inline-color\">&#8211; Viene <strong>por <\/strong>Semana Santa.<\/mark><br><mark style=\"background-color:rgba(0, 0, 0, 0);color:#135b79\" class=\"has-inline-color\">&#8211; Llegamos el s\u00e1bado <strong>por <\/strong>la tarde.<\/mark><\/em><\/p>\n\n\n\n<p><strong>c)<\/strong> <strong>Lieu approximatif \/ mouvement \u00e0 l\u2019int\u00e9rieur d\u2019un espace<\/strong><\/p>\n\n\n\n<p>Si l\u2019on veut indiquer une zone g\u00e9n\u00e9rale ou un mouvement \u00e0 l\u2019int\u00e9rieur d\u2019un endroit, on utilise <strong><em>por<\/em><\/strong>.<\/p>\n\n\n\n<p><em><mark style=\"background-color:rgba(0, 0, 0, 0);color:#135b79\" class=\"has-inline-color\">&#8211; Este autob\u00fas no pasa <strong>por <\/strong>Plaza Castilla.<\/mark><br><mark style=\"background-color:rgba(0, 0, 0, 0);color:#135b79\" class=\"has-inline-color\">&#8211; Me gusta pasear <strong>por <\/strong>el parque.<\/mark><\/em><\/p>\n\n\n\n<p><strong>d)<\/strong> <strong>Moyen&nbsp;<\/strong><\/p>\n\n\n\n<p><strong><em>Por <\/em><\/strong>exprime aussi le moyen ou l\u2019instrument par lequel une action est r\u00e9alis\u00e9e.<\/p>\n\n\n\n<p><em><mark style=\"background-color:rgba(0, 0, 0, 0);color:#135b79\" class=\"has-inline-color\">&#8211; A los famosos les gusta salir <strong>por <\/strong>la tele.<\/mark><br><mark style=\"background-color:rgba(0, 0, 0, 0);color:#135b79\" class=\"has-inline-color\">&#8211; Hemos entrado <strong>por <\/strong>la ventana.<\/mark><\/em><\/p>\n\n\n\n<h2 class=\"wp-block-heading\">2. <em>PARA<\/em>: les usages essentiels<\/h2>\n\n\n\n<p><strong><em>Para<\/em><\/strong>, au contraire, indique une direction claire, un objectif pr\u00e9cis, un destinataire ou une \u00e9ch\u00e9ance. C\u2019est une pr\u00e9position \u201cfinale\u201d : elle marque le point d\u2019arriv\u00e9e r\u00e9el ou symbolique d\u2019une action.<\/p>\n\n\n\n<p><strong>a) But<\/strong><\/p>\n\n\n\n<p>On utilise <strong><em>para <\/em><\/strong>pour montrer l\u2019objectif ou le but d\u2019une action.<\/p>\n\n\n\n<p><em><mark style=\"background-color:rgba(0, 0, 0, 0);color:#135b79\" class=\"has-inline-color\">&#8211; <strong>Para <\/strong>ser un buen m\u00e9dico, se debe estudiar mucho.<\/mark><br><mark style=\"background-color:rgba(0, 0, 0, 0);color:#135b79\" class=\"has-inline-color\">&#8211; Vengo <strong>para <\/strong>comer contigo.<\/mark><\/em><\/p>\n\n\n\n<p><strong>b)<\/strong> <strong>Destinataire<\/strong>&nbsp;<\/p>\n\n\n\n<p><strong><em>Para <\/em><\/strong>sert \u00e0 indiquer la personne qui re\u00e7oit quelque chose ou pour qui une action est destin\u00e9e.<\/p>\n\n\n\n<p><em><mark style=\"background-color:rgba(0, 0, 0, 0);color:#135b79\" class=\"has-inline-color\">&#8211; Este es un regalo <strong>para <\/strong>mi madre.<\/mark><br><mark style=\"background-color:rgba(0, 0, 0, 0);color:#135b79\" class=\"has-inline-color\">&#8211; La carta es <strong>para <\/strong>ti.<\/mark><\/em><\/p>\n\n\n\n<p><strong>c)<\/strong> <strong>Direction \/ destination finale<\/strong><\/p>\n\n\n\n<p>Lorsqu\u2019un mouvement a une direction pr\u00e9cise ou une destination finale, on utilise <strong><em>para<\/em><\/strong>.<\/p>\n\n\n\n<p><em><mark style=\"background-color:rgba(0, 0, 0, 0);color:#135b79\" class=\"has-inline-color\">&#8211; Este autob\u00fas va <strong>para <\/strong>Plaza Castilla.<\/mark><br><mark style=\"background-color:rgba(0, 0, 0, 0);color:#135b79\" class=\"has-inline-color\">&#8211; \u00bfEste tren va <strong>para <\/strong>Tarragona?<\/mark><\/em><\/p>\n\n\n\n<p><strong>d)<\/strong> <strong>Temps limite \/ \u00e9ch\u00e9ance<\/strong><\/p>\n\n\n\n<p><strong><em>Para <\/em><\/strong>sert \u00e9galement \u00e0 indiquer un d\u00e9lai ou une date limite.<\/p>\n\n\n\n<p><em><mark style=\"background-color:rgba(0, 0, 0, 0);color:#135b79\" class=\"has-inline-color\">&#8211; Quiero el informe <strong>para <\/strong>el mi\u00e9rcoles.<\/mark><br><mark style=\"background-color:rgba(0, 0, 0, 0);color:#135b79\" class=\"has-inline-color\">&#8211; <strong>Para <\/strong>las cuatro debo tener los resultados.<\/mark><\/em><\/p>\n\n\n\n<p><strong>e)<\/strong> <strong>Opinion personnelle<\/strong><\/p>\n\n\n\n<p>On peut utiliser <strong><em>para <\/em><\/strong>pour exprimer le point de vue ou l\u2019opinion de quelqu\u2019un.<\/p>\n\n\n\n<p><mark style=\"background-color:rgba(0, 0, 0, 0);color:#135b79\" class=\"has-inline-color\"><em>&#8211; <strong>Para <\/strong>m\u00ed, esto es absurdo.<\/em><\/mark><\/p>\n\n\n\n<h2 class=\"wp-block-heading\">3. Expressions avec <em>POR <\/em>et <em>PARA<\/em><\/h2>\n\n\n\n<p>Certaines expressions ne suivent pas de logique particuli\u00e8re et doivent simplement \u00eatre m\u00e9moris\u00e9es :<\/p>\n\n\n\n<figure class=\"wp-block-table\"><table class=\"has-fixed-layout\"><tbody><tr><td class=\"has-text-align-center\" data-align=\"center\">Avec <strong><em>POR<\/em><\/strong><\/td><td class=\"has-text-align-center\" data-align=\"center\">Avec <strong><em>PARA<\/em><\/strong><\/td><\/tr><tr><td class=\"has-text-align-center\" data-align=\"center\"><em>por favor<br>por casualidad<br>por supuesto<br>por culpa de\u2026<br>por ejemplo<\/em><\/td><td class=\"has-text-align-center\" data-align=\"center\"><em>para empezar<br>para terminar<br>para nada<br>para siempre<\/em><br><\/td><\/tr><\/tbody><\/table><\/figure>\n\n\n\n<h2 class=\"wp-block-heading\">4. Por ou para? Sch\u00e9ma rapide pour choisir<\/h2>\n\n\n\n<p><strong><em>POR\u00a0<\/em><\/strong><\/p>\n\n\n\n<p>\u2714 cause : <em><mark style=\"background-color:rgba(0, 0, 0, 0);color:#135b79\" class=\"has-inline-color\"><strong>por <\/strong>ti, <strong>por <\/strong>eso<\/mark><\/em><\/p>\n\n\n\n<p>\u2714 temps approximatif \/ partie de la journ\u00e9e : <em><mark style=\"background-color:rgba(0, 0, 0, 0);color:#135b79\" class=\"has-inline-color\"><strong>por <\/strong>Navidad, <strong>por <\/strong>la noche<\/mark><\/em><\/p>\n\n\n\n<p>\u2714 lieu approximatif \/ mouvement \u00e0 l\u2019int\u00e9rieur d\u2019un espace : <em><mark style=\"background-color:rgba(0, 0, 0, 0);color:#135b79\" class=\"has-inline-color\"><strong>por <\/strong>el parque<\/mark><\/em><\/p>\n\n\n\n<p>\u2714 moyen: <em><strong><mark style=\"background-color:rgba(0, 0, 0, 0);color:#135b79\" class=\"has-inline-color\">por<\/mark><\/strong><mark style=\"background-color:rgba(0, 0, 0, 0);color:#135b79\" class=\"has-inline-color\"> la tele<\/mark><\/em><\/p>\n\n\n\n<p><strong><em>PARA\u00a0<\/em><\/strong><\/p>\n\n\n\n<p>\u2714 but : <em><mark style=\"background-color:rgba(0, 0, 0, 0);color:#135b79\" class=\"has-inline-color\"><strong>para <\/strong>estudiar<\/mark><\/em><\/p>\n\n\n\n<p>\u2714 destinataire : <em><mark style=\"background-color:rgba(0, 0, 0, 0);color:#135b79\" class=\"has-inline-color\"><strong>para <\/strong>mi madre<\/mark><\/em><\/p>\n\n\n\n<p>\u2714 direction \/ destination finale : <mark style=\"background-color:rgba(0, 0, 0, 0);color:#135b79\" class=\"has-inline-color\"><em><strong>para <\/strong>Madrid<\/em><\/mark><\/p>\n\n\n\n<p>\u2714 temps limite \/ \u00e9ch\u00e9ance : <em><mark style=\"background-color:rgba(0, 0, 0, 0);color:#135b79\" class=\"has-inline-color\"><strong>para <\/strong>ma\u00f1ana<\/mark><\/em><\/p>\n\n\n\n<p>\u2714 opinion personnelle : <em><mark style=\"background-color:rgba(0, 0, 0, 0);color:#135b79\" class=\"has-inline-color\"><strong>para <\/strong>m\u00ed<\/mark><\/em><\/p>\n\n\n\n<h2 class=\"wp-block-heading\">5. Pour aller plus loin<\/h2>\n\n\n\n<p>Consultez la fiche \u00ab&nbsp;<a href=\"https:\/\/www.sillabi.com\/app\/fr\/resources\/es\/b1\">Las preposiciones por y para<\/a> \u00bb dans les fiches de grammaire Sillabi pour d\u00e9couvrir d\u2019autres exemples, expressions et cas particuliers.<\/p>\n\n\n\n<h2 class=\"wp-block-heading\">6. Envie de progresser vraiment en espagnol ?<\/h2>\n\n\n\n<p>Si vous voulez consolider vos bases et apprendre \u00e0 utiliser <strong><em>por <\/em><\/strong>et <strong><em>para <\/em><\/strong>de mani\u00e8re naturelle, d\u00e9couvrez notre <a href=\"https:\/\/www.sillabi.com\/app\/fr\/course\/es\">cours \u00a1Ojal\u00e1!<\/a> : un parcours clair, progressif et motivant, avec vid\u00e9os, exercices et explications pratiques pour int\u00e9grer l\u2019espagnol dans votre quotidien.<\/p>\n\n\n\n<p>Et si vous ne savez pas par o\u00f9 commencer, faites notre <a href=\"https:\/\/www.sillabi.com\/app\/fr\/assessment\/es\">test de niveau<\/a> : il vous guidera vers le point id\u00e9al pour d\u00e9buter votre apprentissage.<\/p>\n","protected":false},"excerpt":{"rendered":"<p>Lorsque l\u2019on commence \u00e0 apprendre l\u2019espagnol, l\u2019utilisation de por et para est souvent source de confusion. Ces [&hellip;]<\/p>\n","protected":false},"author":4,"featured_media":0,"comment_status":"closed","ping_status":"closed","sticky":false,"template":"","format":"standard","meta":{"footnotes":""},"categories":[228,171],"tags":[257,403,402],"class_list":["post-2111","post","type-post","status-publish","format-standard","hentry","category-b1-espagnol","category-es-espagnol","tag-grammaire","tag-para-2","tag-por-2"],"_links":{"self":[{"href":"https:\/\/www.sillabi.com\/fr\/wp-json\/wp\/v2\/posts\/2111","targetHints":{"allow":["GET"]}}],"collection":[{"href":"https:\/\/www.sillabi.com\/fr\/wp-json\/wp\/v2\/posts"}],"about":[{"href":"https:\/\/www.sillabi.com\/fr\/wp-json\/wp\/v2\/types\/post"}],"author":[{"embeddable":true,"href":"https:\/\/www.sillabi.com\/fr\/wp-json\/wp\/v2\/users\/4"}],"replies":[{"embeddable":true,"href":"https:\/\/www.sillabi.com\/fr\/wp-json\/wp\/v2\/comments?post=2111"}],"version-history":[{"count":1,"href":"https:\/\/www.sillabi.com\/fr\/wp-json\/wp\/v2\/posts\/2111\/revisions"}],"predecessor-version":[{"id":2112,"href":"https:\/\/www.sillabi.com\/fr\/wp-json\/wp\/v2\/posts\/2111\/revisions\/2112"}],"wp:attachment":[{"href":"https:\/\/www.sillabi.com\/fr\/wp-json\/wp\/v2\/media?parent=2111"}],"wp:term":[{"taxonomy":"category","embeddable":true,"href":"https:\/\/www.sillabi.com\/fr\/wp-json\/wp\/v2\/categories?post=2111"},{"taxonomy":"post_tag","embeddable":true,"href":"https:\/\/www.sillabi.com\/fr\/wp-json\/wp\/v2\/tags?post=2111"}],"curies":[{"name":"wp","href":"https:\/\/api.w.org\/{rel}","templated":true}]}}