{"id":689,"date":"2020-10-19T17:25:51","date_gmt":"2020-10-19T15:25:51","guid":{"rendered":"https:\/\/blog.sillabi.com\/?p=689"},"modified":"2025-06-20T15:39:38","modified_gmt":"2025-06-20T13:39:38","slug":"modal-verbs-2","status":"publish","type":"post","link":"https:\/\/www.sillabi.com\/en\/modal-verbs-2\/","title":{"rendered":"Modal verbs"},"content":{"rendered":"\n<div class=\"wp-block-media-text alignwide is-stacked-on-mobile\"><figure class=\"wp-block-media-text__media\"><img loading=\"lazy\" decoding=\"async\" width=\"640\" height=\"360\" src=\"https:\/\/blog.sillabi.com\/wp-content\/uploads\/2020\/10\/14_DE_A1_VERBI_MODALI-1-1.jpg\" alt=\"\" class=\"wp-image-690 size-full\" srcset=\"https:\/\/www.sillabi.com\/wp-content\/uploads\/2020\/10\/14_DE_A1_VERBI_MODALI-1-1.jpg 640w, https:\/\/www.sillabi.com\/wp-content\/uploads\/2020\/10\/14_DE_A1_VERBI_MODALI-1-1-300x169.jpg 300w\" sizes=\"auto, (max-width: 640px) 100vw, 640px\" \/><\/figure><div class=\"wp-block-media-text__content\">\n<p class=\"has-normal-font-size\">Here is an excerpt from the Sillabi grammar sheet dedicated to modal verbs. Click <a href=\"https:\/\/www.sillabi.com\/app\/en\/resources\/de\/a1\">here<\/a> to view it in full on Sillabi.<\/p>\n<\/div><\/div>\n\n\n\n<hr class=\"wp-block-separator has-css-opacity\"\/>\n\n\n\n<p><span style=\"color:#135b79\" class=\"has-inline-color\">Im Gegensatz zu den normalen Verben haben die <strong>Modalverben<\/strong> keine Endung in der 1. und 3. Person Singular.&nbsp;<\/span><\/p>\n\n\n\n<p><span style=\"color:#135b79\" class=\"has-inline-color\">Die Modalverben \u00e4ndern den Vokal des Verbstamms im Singular.<\/span><\/p>\n\n\n\n<p><span style=\"color:#135b79\" class=\"has-inline-color\">z.B. k<strong>\u00f6<\/strong>nnen:<\/span><\/p>\n\n\n\n<figure class=\"wp-block-table\"><table class=\"has-background\" style=\"background-color:#e7f5fe\"><tbody><tr><td><span style=\"color:#135b79\" class=\"has-inline-color\">ich<\/span><\/td><td><span style=\"color:#135b79\" class=\"has-inline-color\">kann<\/span><\/td><\/tr><tr><td><span style=\"color:#135b79\" class=\"has-inline-color\">du<\/span><\/td><td><span style=\"color:#135b79\" class=\"has-inline-color\">kannst<\/span><\/td><\/tr><tr><td><span style=\"color:#135b79\" class=\"has-inline-color\">er, sie, es<\/span><\/td><td><span style=\"color:#135b79\" class=\"has-inline-color\">kann<\/span><\/td><\/tr><tr><td><span style=\"color:#135b79\" class=\"has-inline-color\">wir<\/span><\/td><td><span style=\"color:#135b79\" class=\"has-inline-color\">k\u00f6nnen<\/span><\/td><\/tr><tr><td><span style=\"color:#135b79\" class=\"has-inline-color\">ihr<\/span><\/td><td><span style=\"color:#135b79\" class=\"has-inline-color\">k\u00f6nnt<\/span><\/td><\/tr><tr><td><span style=\"color:#135b79\" class=\"has-inline-color\">sie, Sie<\/span><\/td><td><span style=\"color:#135b79\" class=\"has-inline-color\">k\u00f6nnen<\/span><\/td><\/tr><\/tbody><\/table><\/figure>\n\n\n\n<hr class=\"wp-block-separator has-css-opacity\"\/>\n\n\n\n<p>But how do you conjugate these other modal verbs: d\u00fcrfen &#8211; m\u00fcssen &#8211; sollen &#8211; wollen &#8211; m\u00f6gen?<\/p>\n\n\n\n<p>On Sillabi you will find verb tables that will help you memorize them. Click <a href=\"https:\/\/sillabi.com\/en\/resources\/de\/a1\/\">here<\/a> to view the complete sheet. To expand your knowledge beyond grammar, enroll in the <a href=\"https:\/\/www.sillabi.com\/app\/en\/course\/de\/a1\">Hallo! &#8211; niveau A1<\/a> ou <a href=\"https:\/\/www.sillabi.com\/app\/en\/course\/de\/a2\">Hallo! &#8211; niveau A2<\/a> German courses or take the <a href=\"https:\/\/www.sillabi.com\/en\/assessment\/de\">free test<\/a>.<\/p>\n","protected":false},"excerpt":{"rendered":"<p>Here is an excerpt from the Sillabi grammar sheet dedicated to modal verbs. Click here to view [&hellip;]<\/p>\n","protected":false},"author":3,"featured_media":0,"comment_status":"open","ping_status":"open","sticky":false,"template":"","format":"standard","meta":{"footnotes":""},"categories":[198,146],"tags":[260,268],"class_list":["post-689","post","type-post","status-publish","format-standard","hentry","category-a1-german","category-de-german","tag-grammar","tag-modal-verbs"],"_links":{"self":[{"href":"https:\/\/www.sillabi.com\/en\/wp-json\/wp\/v2\/posts\/689","targetHints":{"allow":["GET"]}}],"collection":[{"href":"https:\/\/www.sillabi.com\/en\/wp-json\/wp\/v2\/posts"}],"about":[{"href":"https:\/\/www.sillabi.com\/en\/wp-json\/wp\/v2\/types\/post"}],"author":[{"embeddable":true,"href":"https:\/\/www.sillabi.com\/en\/wp-json\/wp\/v2\/users\/3"}],"replies":[{"embeddable":true,"href":"https:\/\/www.sillabi.com\/en\/wp-json\/wp\/v2\/comments?post=689"}],"version-history":[{"count":3,"href":"https:\/\/www.sillabi.com\/en\/wp-json\/wp\/v2\/posts\/689\/revisions"}],"predecessor-version":[{"id":1275,"href":"https:\/\/www.sillabi.com\/en\/wp-json\/wp\/v2\/posts\/689\/revisions\/1275"}],"wp:attachment":[{"href":"https:\/\/www.sillabi.com\/en\/wp-json\/wp\/v2\/media?parent=689"}],"wp:term":[{"taxonomy":"category","embeddable":true,"href":"https:\/\/www.sillabi.com\/en\/wp-json\/wp\/v2\/categories?post=689"},{"taxonomy":"post_tag","embeddable":true,"href":"https:\/\/www.sillabi.com\/en\/wp-json\/wp\/v2\/tags?post=689"}],"curies":[{"name":"wp","href":"https:\/\/api.w.org\/{rel}","templated":true}]}}